{"id":3953,"date":"2026-04-26T16:53:51","date_gmt":"2026-04-26T19:53:51","guid":{"rendered":"https:\/\/luizinhomoreira.com.br\/?p=3953"},"modified":"2026-04-26T18:47:18","modified_gmt":"2026-04-26T21:47:18","slug":"reencontros-que-contam-uma-historia-de-50-anos-de-caminhada-e-superacao","status":"publish","type":"post","link":"https:\/\/luizinhomoreira.com.br\/?p=3953","title":{"rendered":"Reencontros que contam uma hist\u00f3ria de 50 anos de caminhada e supera\u00e7\u00e3o"},"content":{"rendered":"\n<p>No \u00faltimo s\u00e1bado, em S\u00e3o Jo\u00e3o del Rei, participei da missa que celebrou os <strong>50 anos de exist\u00eancia da Associa\u00e7\u00e3o de Munic\u00edpios da Microrregi\u00e3o dos Campos das Vertentes \u2013 AMVER<\/strong>. Ap\u00f3s a celebra\u00e7\u00e3o, houve um encontro cerimonial seguido de coquetel em Santa Cruz de Minas. <strong>A AMVER foi fundada oficialmente em 28 de abril de 1976<\/strong>.<\/p>\n\n\n\n<p><strong>Entrei na prefeitura em fevereiro de 1978<\/strong>, ou seja, pouco mais de um ano ap\u00f3s o in\u00edcio das atividades da AMVER. A associa\u00e7\u00e3o tem como objetivo, entre outros, <strong>fortalecer a gest\u00e3o municipal<\/strong> e, consequentemente, contribuir para que os poderes Executivo e Legislativo municipais possam promover a\u00e7\u00f5es que <strong>melhorem a qualidade de vida da sociedade, com agilidade e dentro da legalidade<\/strong>.<\/p>\n\n\n\n<p>Nesse percurso, <strong>pude sentir de perto os desafios enfrentados<\/strong>, n\u00e3o apenas na gest\u00e3o p\u00fablica dos munic\u00edpios, mas tamb\u00e9m pela pr\u00f3pria associa\u00e7\u00e3o, que atravessou momentos extremamente dif\u00edceis. Sem d\u00favida, <strong>esses per\u00edodos teriam sido ainda mais desafiadores n\u00e3o fosse o suporte da AMVER<\/strong>. Nas <strong>d\u00e9cadas de 80 e 90<\/strong>, o pa\u00eds viveu uma das <strong>maiores instabilidades econ\u00f4micas de sua hist\u00f3ria<\/strong>, com taxas de infla\u00e7\u00e3o elevad\u00edssimas, que chegaram a quase <strong>5.000% nos 12 meses que antecederam o Plano Real<\/strong>, em 1994.<\/p>\n\n\n\n<p>As sucessivas mudan\u00e7as de padr\u00e3o monet\u00e1rio \u2014 <strong>Cruzado, Cruzado Novo, ORTN, OTN, BTN, a Unidade Real de Valor (URV) e, finalmente, o Real <\/strong>\u2014, somadas aos <strong>altos \u00edndices inflacion\u00e1rios, distorciam rapidamente o poder de compra da moeda<\/strong>. Era dif\u00edcil planejar e ainda mais dif\u00edcil executar o or\u00e7amento p\u00fablico. Ainda assim, o <strong>suporte oferecido pela AMVER foi fundamental.<\/strong><\/p>\n\n\n\n<p><strong>J\u00e1 nos anos 2000, a Lei Complementar n\u00ba 101<\/strong>, conhecida como Lei de Responsabilidade Fiscal, surgiu como um verdadeiro divisor de \u00e1guas. Seus <strong>mecanismos de controle foram implantados nos munic\u00edpios da nossa regi\u00e3o com apoio relevante da AMVER<\/strong>. A partir de ent\u00e3o, a gest\u00e3o p\u00fablica ganhou mais estabilidade, organiza\u00e7\u00e3o e previsibilidade.<\/p>\n\n\n\n<p>Contudo, tenho enorme apre\u00e7o por todos os integrantes da AMVER,<strong>especialmente pelo meu amigo Marco Ant\u00f4nio Rabelo \u2013 Cac\u00e1<\/strong>, Secret\u00e1rio Executivo, com quem compartilhei <strong>momentos extremamente desafiadores<\/strong>, tanto na reestrutura\u00e7\u00e3o administrativa quanto na <strong>defesa de contas questionadas pelo Tribunal de Contas do Estado de Minas Gerais (TCE-MG), <\/strong>envolvendo diversos prefeitos.<\/p>\n\n\n\n<p>O encontro em comemora\u00e7\u00e3o aos 50 anos da AMVER foi, para mim, um momento profundamente emocionante; uma oportunidade rara de <strong>reencontrar amigos e agentes pol\u00edticos de diferentes correntes partid\u00e1rias<\/strong>, e de relembrar, com mem\u00f3ria e sentimento, as in\u00fameras situa\u00e7\u00f5es adversas vividas ao longo de quase meio s\u00e9culo.<\/p>\n\n\n\n<p><strong>Parab\u00e9ns a todos que fizeram e fazem parte dessa hist\u00f3ria.<\/strong><\/p>\n\n\n\n<p class=\"has-text-align-center has-vivid-red-color has-text-color has-link-color wp-elements-ea09238ae98fbd0154469b7da4f899a7\"><em><strong>As fotos abaixo mostram que, acima das diferen\u00e7as, aliados e advers\u00e1rios caminharam juntos na constru\u00e7\u00e3o de uma hist\u00f3ria que j\u00e1 dura meio s\u00e9culo.<\/strong><\/em><\/p>\n\n\n<div class=\"wp-block-image\">\n<figure class=\"aligncenter size-large\"><img loading=\"lazy\" decoding=\"async\" width=\"856\" height=\"1024\" src=\"https:\/\/luizinhomoreira.com.br\/wp-content\/uploads\/2026\/04\/01-2-856x1024.jpeg\" alt=\"\" class=\"wp-image-3973\" srcset=\"https:\/\/luizinhomoreira.com.br\/wp-content\/uploads\/2026\/04\/01-2-856x1024.jpeg 856w, https:\/\/luizinhomoreira.com.br\/wp-content\/uploads\/2026\/04\/01-2-251x300.jpeg 251w, https:\/\/luizinhomoreira.com.br\/wp-content\/uploads\/2026\/04\/01-2-768x918.jpeg 768w, https:\/\/luizinhomoreira.com.br\/wp-content\/uploads\/2026\/04\/01-2-1284x1536.jpeg 1284w, https:\/\/luizinhomoreira.com.br\/wp-content\/uploads\/2026\/04\/01-2-122x146.jpeg 122w, https:\/\/luizinhomoreira.com.br\/wp-content\/uploads\/2026\/04\/01-2-42x50.jpeg 42w, https:\/\/luizinhomoreira.com.br\/wp-content\/uploads\/2026\/04\/01-2-63x75.jpeg 63w, https:\/\/luizinhomoreira.com.br\/wp-content\/uploads\/2026\/04\/01-2.jpeg 1338w\" sizes=\"auto, (max-width: 856px) 100vw, 856px\" \/><figcaption class=\"wp-element-caption\"><em><em>Primeira-dama Luciana de Lima; prefeito Anderson de Paula; ex-prefeito Jos\u00e9 Meneghin; presidente da C\u00e2mara, Jo\u00e3o Guilherme; e o ex-vereador e ex-presidente da C\u00e2mara, Luiz Moreira.<\/em><\/em><\/figcaption><\/figure>\n<\/div>\n\n<div class=\"wp-block-image\">\n<figure class=\"aligncenter size-large\"><img loading=\"lazy\" decoding=\"async\" width=\"768\" height=\"1024\" src=\"https:\/\/luizinhomoreira.com.br\/wp-content\/uploads\/2026\/04\/02-2-768x1024.jpeg\" alt=\"\" class=\"wp-image-3974\" srcset=\"https:\/\/luizinhomoreira.com.br\/wp-content\/uploads\/2026\/04\/02-2-768x1023.jpeg 768w, https:\/\/luizinhomoreira.com.br\/wp-content\/uploads\/2026\/04\/02-2-225x300.jpeg 225w, https:\/\/luizinhomoreira.com.br\/wp-content\/uploads\/2026\/04\/02-2-1153x1536.jpeg 1153w, https:\/\/luizinhomoreira.com.br\/wp-content\/uploads\/2026\/04\/02-2-110x146.jpeg 110w, https:\/\/luizinhomoreira.com.br\/wp-content\/uploads\/2026\/04\/02-2-38x50.jpeg 38w, https:\/\/luizinhomoreira.com.br\/wp-content\/uploads\/2026\/04\/02-2-56x75.jpeg 56w, https:\/\/luizinhomoreira.com.br\/wp-content\/uploads\/2026\/04\/02-2.jpeg 1200w\" sizes=\"auto, (max-width: 768px) 100vw, 768px\" \/><figcaption class=\"wp-element-caption\"><em><em>Primeira-dama Luciana de Lima; prefeito Anderson de Paula; presidente da C\u00e2mara, Jo\u00e3o Guilherme; ex-primeira-dama Silvia Napole\u00e3o; e o ex-prefeito e idealizador das Associa\u00e7\u00f5es, Baldonedo Arthur Napole\u00e3o.<\/em><\/em><\/figcaption><\/figure>\n<\/div>\n\n<div class=\"wp-block-image\">\n<figure class=\"aligncenter size-large\"><img loading=\"lazy\" decoding=\"async\" width=\"576\" height=\"1024\" src=\"https:\/\/luizinhomoreira.com.br\/wp-content\/uploads\/2026\/04\/03-576x1024.jpeg\" alt=\"\" class=\"wp-image-3963\" srcset=\"https:\/\/luizinhomoreira.com.br\/wp-content\/uploads\/2026\/04\/03-576x1024.jpeg 576w, https:\/\/luizinhomoreira.com.br\/wp-content\/uploads\/2026\/04\/03-169x300.jpeg 169w, https:\/\/luizinhomoreira.com.br\/wp-content\/uploads\/2026\/04\/03-768x1365.jpeg 768w, https:\/\/luizinhomoreira.com.br\/wp-content\/uploads\/2026\/04\/03-864x1536.jpeg 864w, https:\/\/luizinhomoreira.com.br\/wp-content\/uploads\/2026\/04\/03-82x146.jpeg 82w, https:\/\/luizinhomoreira.com.br\/wp-content\/uploads\/2026\/04\/03-28x50.jpeg 28w, https:\/\/luizinhomoreira.com.br\/wp-content\/uploads\/2026\/04\/03-42x75.jpeg 42w, https:\/\/luizinhomoreira.com.br\/wp-content\/uploads\/2026\/04\/03.jpeg 900w\" sizes=\"auto, (max-width: 576px) 100vw, 576px\" \/><figcaption class=\"wp-element-caption\"><em>Ao lado do presidente da C\u00e2mara, Jo\u00e3o Guilherme; dos ex-prefeitos Jos\u00e9 Meneghin e Reinaldo Fonseca; e do prefeito Anderson de Paula.<\/em><\/figcaption><\/figure>\n<\/div>\n\n<div class=\"wp-block-image\">\n<figure class=\"aligncenter size-large\"><img loading=\"lazy\" decoding=\"async\" width=\"576\" height=\"1024\" src=\"https:\/\/luizinhomoreira.com.br\/wp-content\/uploads\/2026\/04\/04-576x1024.jpeg\" alt=\"\" class=\"wp-image-3964\" srcset=\"https:\/\/luizinhomoreira.com.br\/wp-content\/uploads\/2026\/04\/04-576x1024.jpeg 576w, https:\/\/luizinhomoreira.com.br\/wp-content\/uploads\/2026\/04\/04-169x300.jpeg 169w, https:\/\/luizinhomoreira.com.br\/wp-content\/uploads\/2026\/04\/04-768x1365.jpeg 768w, https:\/\/luizinhomoreira.com.br\/wp-content\/uploads\/2026\/04\/04-864x1536.jpeg 864w, https:\/\/luizinhomoreira.com.br\/wp-content\/uploads\/2026\/04\/04-82x146.jpeg 82w, https:\/\/luizinhomoreira.com.br\/wp-content\/uploads\/2026\/04\/04-28x50.jpeg 28w, https:\/\/luizinhomoreira.com.br\/wp-content\/uploads\/2026\/04\/04-42x75.jpeg 42w, https:\/\/luizinhomoreira.com.br\/wp-content\/uploads\/2026\/04\/04.jpeg 900w\" sizes=\"auto, (max-width: 576px) 100vw, 576px\" \/><figcaption class=\"wp-element-caption\"><em>Com o primeiro secret\u00e1rio executivo da AMVER, Jaime Nogueira; do prefeito Anderson de Paula; e do presidente da C\u00e2mara, Jo\u00e3o Guilherme.<\/em><\/figcaption><\/figure>\n<\/div>\n\n<div class=\"wp-block-image\">\n<figure class=\"aligncenter size-large\"><img loading=\"lazy\" decoding=\"async\" width=\"576\" height=\"1024\" src=\"https:\/\/luizinhomoreira.com.br\/wp-content\/uploads\/2026\/04\/05-576x1024.jpeg\" alt=\"\" class=\"wp-image-3965\" srcset=\"https:\/\/luizinhomoreira.com.br\/wp-content\/uploads\/2026\/04\/05-576x1024.jpeg 576w, https:\/\/luizinhomoreira.com.br\/wp-content\/uploads\/2026\/04\/05-169x300.jpeg 169w, https:\/\/luizinhomoreira.com.br\/wp-content\/uploads\/2026\/04\/05-768x1365.jpeg 768w, https:\/\/luizinhomoreira.com.br\/wp-content\/uploads\/2026\/04\/05-864x1536.jpeg 864w, https:\/\/luizinhomoreira.com.br\/wp-content\/uploads\/2026\/04\/05-82x146.jpeg 82w, https:\/\/luizinhomoreira.com.br\/wp-content\/uploads\/2026\/04\/05-28x50.jpeg 28w, https:\/\/luizinhomoreira.com.br\/wp-content\/uploads\/2026\/04\/05-42x75.jpeg 42w, https:\/\/luizinhomoreira.com.br\/wp-content\/uploads\/2026\/04\/05.jpeg 900w\" sizes=\"auto, (max-width: 576px) 100vw, 576px\" \/><figcaption class=\"wp-element-caption\"><em>Ao lado do presidente da C\u00e2mara, Jo\u00e3o Guilherme; da ex-prefeita de Santa Cruz de Minas e vereadora por S\u00e3o Jo\u00e3o del-Rei, Sinara Campos.<\/em><\/figcaption><\/figure>\n<\/div>\n\n<div class=\"wp-block-image\">\n<figure class=\"aligncenter size-large\"><img loading=\"lazy\" decoding=\"async\" width=\"576\" height=\"1024\" src=\"https:\/\/luizinhomoreira.com.br\/wp-content\/uploads\/2026\/04\/06-576x1024.jpeg\" alt=\"\" class=\"wp-image-3966\" srcset=\"https:\/\/luizinhomoreira.com.br\/wp-content\/uploads\/2026\/04\/06-576x1024.jpeg 576w, https:\/\/luizinhomoreira.com.br\/wp-content\/uploads\/2026\/04\/06-169x300.jpeg 169w, https:\/\/luizinhomoreira.com.br\/wp-content\/uploads\/2026\/04\/06-768x1365.jpeg 768w, https:\/\/luizinhomoreira.com.br\/wp-content\/uploads\/2026\/04\/06-864x1536.jpeg 864w, https:\/\/luizinhomoreira.com.br\/wp-content\/uploads\/2026\/04\/06-82x146.jpeg 82w, https:\/\/luizinhomoreira.com.br\/wp-content\/uploads\/2026\/04\/06-28x50.jpeg 28w, https:\/\/luizinhomoreira.com.br\/wp-content\/uploads\/2026\/04\/06-42x75.jpeg 42w, https:\/\/luizinhomoreira.com.br\/wp-content\/uploads\/2026\/04\/06.jpeg 900w\" sizes=\"auto, (max-width: 576px) 100vw, 576px\" \/><figcaption class=\"wp-element-caption\"><em>Com o secret\u00e1rio executivo da AMVER, Marco Ant\u00f4nio Rabelo \u2013 Cac\u00e1.<\/em><\/figcaption><\/figure>\n<\/div>\n\n\n<p><\/p>\n","protected":false},"excerpt":{"rendered":"<p>No \u00faltimo s\u00e1bado, em S\u00e3o Jo\u00e3o del Rei, participei da missa que celebrou os 50 anos de exist\u00eancia da Associa\u00e7\u00e3o de Munic\u00edpios da Microrregi\u00e3o dos Campos<span class=\"excerpt-hellip\"> [\u2026]<\/span><\/p>\n","protected":false},"author":2,"featured_media":3969,"comment_status":"open","ping_status":"open","sticky":false,"template":"","format":"standard","meta":{"om_disable_all_campaigns":false,"_monsterinsights_skip_tracking":false,"_monsterinsights_sitenote_active":false,"_monsterinsights_sitenote_note":"","_monsterinsights_sitenote_category":0,"footnotes":""},"categories":[1],"tags":[],"class_list":["post-3953","post","type-post","status-publish","format-standard","has-post-thumbnail","hentry","category-sem-categoria"],"_links":{"self":[{"href":"https:\/\/luizinhomoreira.com.br\/index.php?rest_route=\/wp\/v2\/posts\/3953","targetHints":{"allow":["GET"]}}],"collection":[{"href":"https:\/\/luizinhomoreira.com.br\/index.php?rest_route=\/wp\/v2\/posts"}],"about":[{"href":"https:\/\/luizinhomoreira.com.br\/index.php?rest_route=\/wp\/v2\/types\/post"}],"author":[{"embeddable":true,"href":"https:\/\/luizinhomoreira.com.br\/index.php?rest_route=\/wp\/v2\/users\/2"}],"replies":[{"embeddable":true,"href":"https:\/\/luizinhomoreira.com.br\/index.php?rest_route=%2Fwp%2Fv2%2Fcomments&post=3953"}],"version-history":[{"count":5,"href":"https:\/\/luizinhomoreira.com.br\/index.php?rest_route=\/wp\/v2\/posts\/3953\/revisions"}],"predecessor-version":[{"id":3978,"href":"https:\/\/luizinhomoreira.com.br\/index.php?rest_route=\/wp\/v2\/posts\/3953\/revisions\/3978"}],"wp:featuredmedia":[{"embeddable":true,"href":"https:\/\/luizinhomoreira.com.br\/index.php?rest_route=\/wp\/v2\/media\/3969"}],"wp:attachment":[{"href":"https:\/\/luizinhomoreira.com.br\/index.php?rest_route=%2Fwp%2Fv2%2Fmedia&parent=3953"}],"wp:term":[{"taxonomy":"category","embeddable":true,"href":"https:\/\/luizinhomoreira.com.br\/index.php?rest_route=%2Fwp%2Fv2%2Fcategories&post=3953"},{"taxonomy":"post_tag","embeddable":true,"href":"https:\/\/luizinhomoreira.com.br\/index.php?rest_route=%2Fwp%2Fv2%2Ftags&post=3953"}],"curies":[{"name":"wp","href":"https:\/\/api.w.org\/{rel}","templated":true}]}}