{"id":3901,"date":"2026-03-14T18:59:02","date_gmt":"2026-03-14T21:59:02","guid":{"rendered":"https:\/\/luizinhomoreira.com.br\/?p=3901"},"modified":"2026-03-15T08:21:55","modified_gmt":"2026-03-15T11:21:55","slug":"antes-de-acelerar-nas-opinioes-e-preciso-abastecer-se-de-informacoes","status":"publish","type":"post","link":"https:\/\/luizinhomoreira.com.br\/?p=3901","title":{"rendered":"Aumento dos combust\u00edveis: Acelerar nas opini\u00f5es, mas abastecer-se de informa\u00e7\u00f5es"},"content":{"rendered":"\n<p class=\"has-text-align-center has-vivid-red-color has-text-color has-link-color wp-elements-807ac9865c1823cb4a1a9685581e64bd\"><em><strong>Em meio \u00e0s d\u00favidas da popula\u00e7\u00e3o, a prioridade \u00e9 apurar os fatos<\/strong><\/em><\/p>\n\n\n\n<p><strong>Por que os combust\u00edveis continuam subindo mesmo quando n\u00e3o h\u00e1 an\u00fancio oficial de reajuste?<\/strong> Essa \u00e9 a pergunta que muitos t\u00eam feito nos \u00faltimos dias.<\/p>\n\n\n\n<p>O pre\u00e7o dos combust\u00edveis <strong>voltou a ser um dos assuntos mais comentados<\/strong>. Tenho recebido muitas mensagens e questionamentos sobre esse assunto. Isso acontece porque algumas pessoas ainda me procuram por eu ter sido vereador, al\u00e9m de manter este blog e participar do jornalismo de s\u00e1bado da R\u00e1dio Atrativa-FM.<\/p>\n\n\n\n<p>Diante de tantas d\u00favidas, inclusive minhas, achei importante buscar informa\u00e7\u00f5es diretamente com quem atua no setor. <strong>Na \u00faltima sexta-feira (13), enviei um e-mail a cada um dos postos de combust\u00edveis de nossa cidade<\/strong> para entender melhor o que est\u00e1 acontecendo e, assim, poder repassar informa\u00e7\u00f5es com responsabilidade.<\/p>\n\n\n\n<p><strong>Na condi\u00e7\u00e3o de comerciante, sei das dificuldades na forma\u00e7\u00e3o de pre\u00e7os e das oscila\u00e7\u00f5es do mercado<\/strong>. Por isso, acredito que o di\u00e1logo e a informa\u00e7\u00e3o correta s\u00e3o sempre o melhor caminho. Nesse momento,  \u00e9 fundamental ouvir o outro lado.<\/p>\n\n\n\n<p>No e-mail, fiz uma pergunta simples: <strong>os reajustes recentes nos postos est\u00e3o ocorrendo por aumentos repassados pelas distribuidoras ou existe outro fator que explique essas eleva\u00e7\u00f5es?<\/strong><\/p>\n\n\n\n<p>Crises internacionais, como os <strong>conflitos no Oriente M\u00e9dio, podem, inevitavelmente, impactar o pre\u00e7o dos combust\u00edveis<\/strong>. Ainda assim, chama aten\u00e7\u00e3o a percep\u00e7\u00e3o de aumentos ocorrendo antes mesmo de eventual autoriza\u00e7\u00e3o da Petrobras, o que levanta questionamentos e pede esclarecimentos.<\/p>\n\n\n\n<p>No s\u00e1bado, durante o jornalismo da R\u00e1dio Atrativa-FM, um amigo caminhoneiro relatou que, ao longo de um trajeto, em diferentes paradas, encontrou pre\u00e7os do diesel variando de <strong>R$ 6,19 a mais de R$ 8,00<\/strong>; uma diferen\u00e7a que <strong>ultrapassa 30%<\/strong>.<\/p>\n\n\n\n<p>Portanto, seguirei acompanhando o assunto e aguardando respostas; assim que surgirem novas informa\u00e7\u00f5es, compartilharei aqui com todos.<\/p>\n\n\n\n<p><\/p>\n","protected":false},"excerpt":{"rendered":"<p>Em meio \u00e0s d\u00favidas da popula\u00e7\u00e3o, a prioridade \u00e9 apurar os fatos Por que os combust\u00edveis continuam subindo mesmo quando n\u00e3o h\u00e1 an\u00fancio oficial de reajuste?<span class=\"excerpt-hellip\"> [\u2026]<\/span><\/p>\n","protected":false},"author":2,"featured_media":3903,"comment_status":"open","ping_status":"open","sticky":false,"template":"","format":"standard","meta":{"om_disable_all_campaigns":false,"_monsterinsights_skip_tracking":false,"_monsterinsights_sitenote_active":false,"_monsterinsights_sitenote_note":"","_monsterinsights_sitenote_category":0,"footnotes":""},"categories":[1],"tags":[],"class_list":["post-3901","post","type-post","status-publish","format-standard","has-post-thumbnail","hentry","category-sem-categoria"],"_links":{"self":[{"href":"https:\/\/luizinhomoreira.com.br\/index.php?rest_route=\/wp\/v2\/posts\/3901","targetHints":{"allow":["GET"]}}],"collection":[{"href":"https:\/\/luizinhomoreira.com.br\/index.php?rest_route=\/wp\/v2\/posts"}],"about":[{"href":"https:\/\/luizinhomoreira.com.br\/index.php?rest_route=\/wp\/v2\/types\/post"}],"author":[{"embeddable":true,"href":"https:\/\/luizinhomoreira.com.br\/index.php?rest_route=\/wp\/v2\/users\/2"}],"replies":[{"embeddable":true,"href":"https:\/\/luizinhomoreira.com.br\/index.php?rest_route=%2Fwp%2Fv2%2Fcomments&post=3901"}],"version-history":[{"count":9,"href":"https:\/\/luizinhomoreira.com.br\/index.php?rest_route=\/wp\/v2\/posts\/3901\/revisions"}],"predecessor-version":[{"id":3917,"href":"https:\/\/luizinhomoreira.com.br\/index.php?rest_route=\/wp\/v2\/posts\/3901\/revisions\/3917"}],"wp:featuredmedia":[{"embeddable":true,"href":"https:\/\/luizinhomoreira.com.br\/index.php?rest_route=\/wp\/v2\/media\/3903"}],"wp:attachment":[{"href":"https:\/\/luizinhomoreira.com.br\/index.php?rest_route=%2Fwp%2Fv2%2Fmedia&parent=3901"}],"wp:term":[{"taxonomy":"category","embeddable":true,"href":"https:\/\/luizinhomoreira.com.br\/index.php?rest_route=%2Fwp%2Fv2%2Fcategories&post=3901"},{"taxonomy":"post_tag","embeddable":true,"href":"https:\/\/luizinhomoreira.com.br\/index.php?rest_route=%2Fwp%2Fv2%2Ftags&post=3901"}],"curies":[{"name":"wp","href":"https:\/\/api.w.org\/{rel}","templated":true}]}}