{"id":3882,"date":"2026-03-11T16:25:31","date_gmt":"2026-03-11T19:25:31","guid":{"rendered":"https:\/\/luizinhomoreira.com.br\/?p=3882"},"modified":"2026-03-11T17:15:31","modified_gmt":"2026-03-11T20:15:31","slug":"registrando-a-historia-da-educacao-fiscal-em-barroso","status":"publish","type":"post","link":"https:\/\/luizinhomoreira.com.br\/?p=3882","title":{"rendered":"Registrando a hist\u00f3ria da Educa\u00e7\u00e3o Fiscal em Barroso"},"content":{"rendered":"\n<p class=\"has-text-align-center has-vivid-red-color has-text-color has-link-color wp-elements-bb77061d19b6273a8218fed8d7673e1b\"><strong><em>Um registro da trajet\u00f3ria que uniu reorganiza\u00e7\u00e3o das contas p\u00fablicas e forma\u00e7\u00e3o de cidadania no munic\u00edpio.<\/em><\/strong><\/p>\n\n\n\n<p>A ideia de registrar a hist\u00f3ria da Educa\u00e7\u00e3o Fiscal em Barroso <strong>surgiu em novembro de 2025<\/strong>, durante um encontro realizado na Secretaria Municipal de Educa\u00e7\u00e3o. Ao relembrarmos a trajet\u00f3ria constru\u00edda no decorrer dos anos, percebemos que <strong>essa experi\u00eancia precisava ser preservada como parte da mem\u00f3ria administrativa da cidade<\/strong>. Na ocasi\u00e3o, surgiu tamb\u00e9m o entendimento de que seria importante organizar esse registro hist\u00f3rico, tarefa que assumi com o compromisso de reunir documentos e informa\u00e7\u00f5es sobre o tema, ap\u00f3s a ades\u00e3o dos participantes a essa importante iniciativa.<\/p>\n\n\n\n<p>Ao longo do tempo, <strong>Barroso construiu uma experi\u00eancia significativa na \u00e1rea de Educa\u00e7\u00e3o Fiscal<\/strong>, envolvendo a administra\u00e7\u00e3o p\u00fablica, as escolas e a comunidade. Esse movimento tamb\u00e9m esteve ligado \u00e0 <strong>reorganiza\u00e7\u00e3o das contas<\/strong>, iniciada em 2001, que <strong>abriu caminho <\/strong>para uma nova cultura de gest\u00e3o p\u00fablica. <strong>Registrar essa hist\u00f3ria n\u00e3o tem como objetivo apontar responsabilidades<\/strong>, mas compreender um per\u00edodo importante da administra\u00e7\u00e3o municipal, <strong>reconhecendo que os desafios enfrentados contribu\u00edram para aprendizados<\/strong> e para a constru\u00e7\u00e3o de pr\u00e1ticas de gest\u00e3o mais respons\u00e1veis.<\/p>\n\n\n\n<p>Os resultados desse trabalho passaram a ganhar <strong>destaque tamb\u00e9m em n\u00edvel nacional<\/strong>. Desde 2013, o <strong>munic\u00edpio vem sendo reconhecido em premia\u00e7\u00f5es do Pr\u00eamio Nacional de Educa\u00e7\u00e3o Fiscal<\/strong>, com projetos desenvolvidos pela administra\u00e7\u00e3o municipal e pelas escolas da rede p\u00fablica, comprovando seu alcance educativo.<\/p>\n\n\n\n<p>Em janeiro deste ano iniciamos as consultas ao Arquivo Central da Prefeitura, dando in\u00edcio aos levantamentos necess\u00e1rios \u00e0s pesquisas documentais. Foram localizados e analisados diversos documentos relacionados \u00e0 reorganiza\u00e7\u00e3o das contas p\u00fablicas e \u00e0 implanta\u00e7\u00e3o do Programa Municipal de Educa\u00e7\u00e3o Fiscal. Esse material tamb\u00e9m integra o trabalho que est\u00e1 sendo desenvolvido para a <strong>elabora\u00e7\u00e3o de um livro sobre a trajet\u00f3ria do equil\u00edbrio das finan\u00e7as p\u00fablicas e da Educa\u00e7\u00e3o Fiscal no munic\u00edpio<\/strong>.<\/p>\n\n\n\n<p>Boa parte desse material encontrava-se em meu arquivo pessoal, enquanto outros documentos foram obtidos nos arquivos da C\u00e2mara Municipal, por meio de solicita\u00e7\u00f5es formais de acesso aos registros administrativos e legislativos.<\/p>\n\n\n\n<p>Ao mesmo tempo, a equipe da<strong> Secretaria Municipal de Educa\u00e7\u00e3o, a ex-secret\u00e1ria da pasta, integrantes e ex-integrantes do Grupo de Educa\u00e7\u00e3o Fiscal de Barroso<\/strong> passaram a colaborar com o levantamento de informa\u00e7\u00f5es e materiais, contribuindo para enriquecer o trabalho.<\/p>\n\n\n\n<p>O conjunto desses registros permite <strong>compreender melhor essa hist\u00f3ria fant\u00e1stica, e demonstra como desafios administrativos podem se transformar em aprendizado <\/strong>e em iniciativas voltadas \u00e0 forma\u00e7\u00e3o de cidad\u00e3os mais conscientes sobre o papel dos tributos, da gest\u00e3o p\u00fablica e da participa\u00e7\u00e3o social.<\/p>\n\n\n\n<p><strong>Preservar essa mem\u00f3ria<\/strong>, portanto, significa <strong>valorizar um esfor\u00e7o coletivo<\/strong> que ajudou a fortalecer a cidadania fiscal e a responsabilidade na gest\u00e3o dos recursos p\u00fablicos, <strong>deixando tamb\u00e9m um exemplo de compromisso e aprendizado para as futuras gera\u00e7\u00f5es<\/strong>.<\/p>\n\n\n\n<p><strong>Educa\u00e7\u00e3o Fiscal<\/strong><br><em>* Cidadania Fiscal<br>* Gest\u00e3o P\u00fablica<br>* Hist\u00f3ria de Barroso<br>* Administra\u00e7\u00e3o Municipal<\/em><\/p>\n\n\n<div class=\"wp-block-image is-style-default\">\n<figure class=\"aligncenter size-full is-resized\"><img loading=\"lazy\" decoding=\"async\" width=\"900\" height=\"605\" src=\"https:\/\/luizinhomoreira.com.br\/wp-content\/uploads\/2026\/03\/Reuniao-NOV2025A.jpeg\" alt=\"\" class=\"wp-image-3890\" style=\"aspect-ratio:1.4876391214419384;width:708px;height:auto\" srcset=\"https:\/\/luizinhomoreira.com.br\/wp-content\/uploads\/2026\/03\/Reuniao-NOV2025A.jpeg 900w, https:\/\/luizinhomoreira.com.br\/wp-content\/uploads\/2026\/03\/Reuniao-NOV2025A-300x202.jpeg 300w, https:\/\/luizinhomoreira.com.br\/wp-content\/uploads\/2026\/03\/Reuniao-NOV2025A-768x516.jpeg 768w, https:\/\/luizinhomoreira.com.br\/wp-content\/uploads\/2026\/03\/Reuniao-NOV2025A-217x146.jpeg 217w, https:\/\/luizinhomoreira.com.br\/wp-content\/uploads\/2026\/03\/Reuniao-NOV2025A-50x34.jpeg 50w, https:\/\/luizinhomoreira.com.br\/wp-content\/uploads\/2026\/03\/Reuniao-NOV2025A-112x75.jpeg 112w\" sizes=\"auto, (max-width: 900px) 100vw, 900px\" \/><figcaption class=\"wp-element-caption\"><em><strong>Reuni\u00e3o nov\/2025:<\/strong> Laurimar Silva, coordenadora da Ed. Fiscal; Elizete Capelupi, ex-integrande da E.F.; Guilhermina Torga, T\u00e9cnica Fazend\u00e1ria da SEF\/MG; Clarice de Ara\u00fajo, Secr.Mun.Educa\u00e7\u00e3o; e, Luiz Moreira, ex-integrante da E.F.<\/em><\/figcaption><\/figure>\n<\/div>\n\n<div class=\"wp-block-image\">\n<figure class=\"aligncenter size-large is-resized\"><img loading=\"lazy\" decoding=\"async\" width=\"472\" height=\"1024\" src=\"https:\/\/luizinhomoreira.com.br\/wp-content\/uploads\/2026\/03\/Pesquisa-PMB-1-472x1024.jpeg\" alt=\"\" class=\"wp-image-3891\" style=\"aspect-ratio:0.4609382814844453;width:580px;height:auto\" srcset=\"https:\/\/luizinhomoreira.com.br\/wp-content\/uploads\/2026\/03\/Pesquisa-PMB-1-472x1024.jpeg 472w, https:\/\/luizinhomoreira.com.br\/wp-content\/uploads\/2026\/03\/Pesquisa-PMB-1-138x300.jpeg 138w, https:\/\/luizinhomoreira.com.br\/wp-content\/uploads\/2026\/03\/Pesquisa-PMB-1-708x1536.jpeg 708w, https:\/\/luizinhomoreira.com.br\/wp-content\/uploads\/2026\/03\/Pesquisa-PMB-1-67x146.jpeg 67w, https:\/\/luizinhomoreira.com.br\/wp-content\/uploads\/2026\/03\/Pesquisa-PMB-1-23x50.jpeg 23w, https:\/\/luizinhomoreira.com.br\/wp-content\/uploads\/2026\/03\/Pesquisa-PMB-1-35x75.jpeg 35w, https:\/\/luizinhomoreira.com.br\/wp-content\/uploads\/2026\/03\/Pesquisa-PMB-1.jpeg 738w\" sizes=\"auto, (max-width: 472px) 100vw, 472px\" \/><figcaption class=\"wp-element-caption\"><em><strong>Arquivo Central da Prefeitura, Jan\/Fev\/Mar\/2026:<\/strong> Luiz Moreira, ex-integrante da Educa\u00e7\u00e3o Fiscal; e&nbsp;Carla A. Mayrink, Secret\u00e1ria Municipal de Administra\u00e7\u00e3o e Planejamento.<\/em><\/figcaption><\/figure>\n<\/div>\n\n<div class=\"wp-block-image\">\n<figure class=\"aligncenter size-large is-resized\"><img loading=\"lazy\" decoding=\"async\" width=\"876\" height=\"1024\" src=\"https:\/\/luizinhomoreira.com.br\/wp-content\/uploads\/2026\/03\/Pesquisas-Arquivo-CMB-876x1024.jpeg\" alt=\"\" class=\"wp-image-3892\" style=\"aspect-ratio:0.8554788198975207;width:792px;height:auto\" srcset=\"https:\/\/luizinhomoreira.com.br\/wp-content\/uploads\/2026\/03\/Pesquisas-Arquivo-CMB-876x1024.jpeg 876w, https:\/\/luizinhomoreira.com.br\/wp-content\/uploads\/2026\/03\/Pesquisas-Arquivo-CMB-257x300.jpeg 257w, https:\/\/luizinhomoreira.com.br\/wp-content\/uploads\/2026\/03\/Pesquisas-Arquivo-CMB-768x898.jpeg 768w, https:\/\/luizinhomoreira.com.br\/wp-content\/uploads\/2026\/03\/Pesquisas-Arquivo-CMB-125x146.jpeg 125w, https:\/\/luizinhomoreira.com.br\/wp-content\/uploads\/2026\/03\/Pesquisas-Arquivo-CMB-43x50.jpeg 43w, https:\/\/luizinhomoreira.com.br\/wp-content\/uploads\/2026\/03\/Pesquisas-Arquivo-CMB-64x75.jpeg 64w, https:\/\/luizinhomoreira.com.br\/wp-content\/uploads\/2026\/03\/Pesquisas-Arquivo-CMB.jpeg 1148w\" sizes=\"auto, (max-width: 876px) 100vw, 876px\" \/><figcaption class=\"wp-element-caption\"><em><strong>Arquivo Central da C\u00e2mara, Fev. e Mar.\/2026: <\/strong>V\u00e2nia Pacheco, integrante da Ed.Fiscal; e Val\u00e9ria Machado, ex-integrante da E.F.<\/em><\/figcaption><\/figure>\n<\/div>\n\n\n<p><\/p>\n","protected":false},"excerpt":{"rendered":"<p>Um registro da trajet\u00f3ria que uniu reorganiza\u00e7\u00e3o das contas p\u00fablicas e forma\u00e7\u00e3o de cidadania no munic\u00edpio. A ideia de registrar a hist\u00f3ria da Educa\u00e7\u00e3o Fiscal em<span class=\"excerpt-hellip\"> [\u2026]<\/span><\/p>\n","protected":false},"author":2,"featured_media":3883,"comment_status":"open","ping_status":"open","sticky":false,"template":"","format":"standard","meta":{"om_disable_all_campaigns":false,"_monsterinsights_skip_tracking":false,"_monsterinsights_sitenote_active":false,"_monsterinsights_sitenote_note":"","_monsterinsights_sitenote_category":0,"footnotes":""},"categories":[1],"tags":[],"class_list":["post-3882","post","type-post","status-publish","format-standard","has-post-thumbnail","hentry","category-sem-categoria"],"_links":{"self":[{"href":"https:\/\/luizinhomoreira.com.br\/index.php?rest_route=\/wp\/v2\/posts\/3882","targetHints":{"allow":["GET"]}}],"collection":[{"href":"https:\/\/luizinhomoreira.com.br\/index.php?rest_route=\/wp\/v2\/posts"}],"about":[{"href":"https:\/\/luizinhomoreira.com.br\/index.php?rest_route=\/wp\/v2\/types\/post"}],"author":[{"embeddable":true,"href":"https:\/\/luizinhomoreira.com.br\/index.php?rest_route=\/wp\/v2\/users\/2"}],"replies":[{"embeddable":true,"href":"https:\/\/luizinhomoreira.com.br\/index.php?rest_route=%2Fwp%2Fv2%2Fcomments&post=3882"}],"version-history":[{"count":10,"href":"https:\/\/luizinhomoreira.com.br\/index.php?rest_route=\/wp\/v2\/posts\/3882\/revisions"}],"predecessor-version":[{"id":3900,"href":"https:\/\/luizinhomoreira.com.br\/index.php?rest_route=\/wp\/v2\/posts\/3882\/revisions\/3900"}],"wp:featuredmedia":[{"embeddable":true,"href":"https:\/\/luizinhomoreira.com.br\/index.php?rest_route=\/wp\/v2\/media\/3883"}],"wp:attachment":[{"href":"https:\/\/luizinhomoreira.com.br\/index.php?rest_route=%2Fwp%2Fv2%2Fmedia&parent=3882"}],"wp:term":[{"taxonomy":"category","embeddable":true,"href":"https:\/\/luizinhomoreira.com.br\/index.php?rest_route=%2Fwp%2Fv2%2Fcategories&post=3882"},{"taxonomy":"post_tag","embeddable":true,"href":"https:\/\/luizinhomoreira.com.br\/index.php?rest_route=%2Fwp%2Fv2%2Ftags&post=3882"}],"curies":[{"name":"wp","href":"https:\/\/api.w.org\/{rel}","templated":true}]}}